{"id":3201,"date":"2025-08-13T10:55:07","date_gmt":"2025-08-13T13:55:07","guid":{"rendered":"https:\/\/acusticafm.com.br\/variedades\/?p=3201"},"modified":"2025-08-13T10:55:07","modified_gmt":"2025-08-13T13:55:07","slug":"novo-iphone-ganha-mudancas-radicais-e-recursos-avancados","status":"publish","type":"post","link":"https:\/\/acusticafm.com.br\/variedades\/novo-iphone-ganha-mudancas-radicais-e-recursos-avancados\/","title":{"rendered":"Novo iPhone ganha mudan\u00e7as radicais e recursos avan\u00e7ados"},"content":{"rendered":"\n<p class=\"wp-block-paragraph\">A Apple se prepara para apresentar a nova gera\u00e7\u00e3o do <a href=\"https:\/\/acusticafm.com.br\/variedades\/rede-via-satelite-no-celular-pode-gerar-mercado-de-us-15-bilhoes\/\">iPhone<\/a> em setembro. D esta vez, os modelos Pro prometem surpreender. Um dos destaques \u00e9 a tela antirreflexo, algo in\u00e9dito na linha. <\/p>\n\n\n\n<p class=\"wp-block-paragraph\">O recurso deve melhorar a visibilidade e ainda aumentar a resist\u00eancia a arranh\u00f5es. Outra grande aposta est\u00e1 na c\u00e2mera: um zoom \u00f3ptico muito mais potente pode chegar ao iPhone 17 Pro. Al\u00e9m disso, imagens vazadas mostram todos os poss\u00edveis designs da s\u00e9rie. Entre eles, uma cor que j\u00e1 est\u00e1 chamando aten\u00e7\u00e3o: laranja.<\/p>\n\n\n\n<h2 class=\"wp-block-heading\">Novos formatos e ajustes no design<\/h2>\n\n\n\n<p class=\"wp-block-paragraph\">Rumores indicam que o iPhone 17 Pro Max ser\u00e1 mais espesso que qualquer outro modelo j\u00e1 lan\u00e7ado. O logotipo da <a href=\"https:\/\/acusticafm.com.br\/variedades\/celulares-roupas-e-outros-itens-foram-apreendidos-em-acao-contra-pirataria\/\">Apple<\/a> na traseira pode mudar de posi\u00e7\u00e3o e as telas ter\u00e3o novos tamanhos. <\/p>\n\n\n\n<p class=\"wp-block-paragraph\">Apesar das mudan\u00e7as est\u00e9ticas, a novidade que mais chama aten\u00e7\u00e3o \u00e9 a tecnologia de exibi\u00e7\u00e3o. Uma tela t\u00e3o n\u00edtida quanto a atual, mas com visibilidade superior, seria um avan\u00e7o real.<\/p>\n\n\n\n<p class=\"wp-block-paragraph\">O iPhone 16 Pro j\u00e1 conta com o ProMotion, que ajusta a taxa de atualiza\u00e7\u00e3o conforme o uso e mant\u00e9m a tela sempre ativa. Mas a Apple planeja melhorias para todos os modelos, com destaque para os Pro, que devem manter a vantagem de recursos extras.<\/p>\n\n\n\n<h2 class=\"wp-block-heading\">Zoom \u00f3ptico refor\u00e7ado<\/h2>\n\n\n\n<p class=\"wp-block-paragraph\">O iPhone 17 Pro e o Pro Max podem ganhar uma lente telefoto com zoom \u00f3ptico de 8x. Hoje, o limite \u00e9 de 5x. Para isso, o conjunto de c\u00e2meras dever\u00e1 ser redesenhado, ficando mais saliente. Fontes indicam que a mudan\u00e7a tem rela\u00e7\u00e3o direta com a nova tecnologia, e n\u00e3o com a bateria.<\/p>\n\n\n\n<p class=\"wp-block-paragraph\">O conhecido vazador Sonny Dickson revelou quatro poss\u00edveis cores para o iPhone 17 Pro: preto, branco, azul-escuro e laranja. Esta \u00faltima se destaca por ser uma escolha mais ousada, em contraste com os tons discretos do iPhone 16 Pro.<\/p>\n\n\n\n<p class=\"wp-block-paragraph\">J\u00e1 o iPhone 17 deve ter uma paleta mais suave: preto, branco, azul-claro e rosa. Curiosamente, seriam apenas quatro cores, menos do que no modelo anterior. O novo iPhone 17 Air tamb\u00e9m seguiria esse padr\u00e3o, mas com um dourado-claro no lugar do rosa.<\/p>\n","protected":false},"excerpt":{"rendered":"<p>A Apple se prepara para apresentar a nova gera\u00e7\u00e3o do iPhone em setembro. D esta vez, os modelos Pro prometem surpreender. Um dos destaques \u00e9 a tela antirreflexo, algo in\u00e9dito na linha. O recurso deve melhorar a visibilidade e ainda aumentar a resist\u00eancia a arranh\u00f5es. Outra grande aposta est\u00e1 na c\u00e2mera: um zoom \u00f3ptico muito [&hellip;]<\/p>\n","protected":false},"author":2,"featured_media":3202,"comment_status":"closed","ping_status":"","sticky":false,"template":"","format":"standard","meta":{"jnews-multi-image_gallery":[],"jnews_single_post":[],"jnews_primary_category":[],"jnews_social_meta":[],"jnews_override_counter":[],"jnews_post_split":[],"footnotes":""},"categories":[53],"tags":[],"class_list":["post-3201","post","type-post","status-publish","format-standard","has-post-thumbnail","hentry","category-variedades"],"_links":{"self":[{"href":"https:\/\/acusticafm.com.br\/variedades\/wp-json\/wp\/v2\/posts\/3201","targetHints":{"allow":["GET"]}}],"collection":[{"href":"https:\/\/acusticafm.com.br\/variedades\/wp-json\/wp\/v2\/posts"}],"about":[{"href":"https:\/\/acusticafm.com.br\/variedades\/wp-json\/wp\/v2\/types\/post"}],"author":[{"embeddable":true,"href":"https:\/\/acusticafm.com.br\/variedades\/wp-json\/wp\/v2\/users\/2"}],"replies":[{"embeddable":true,"href":"https:\/\/acusticafm.com.br\/variedades\/wp-json\/wp\/v2\/comments?post=3201"}],"version-history":[{"count":2,"href":"https:\/\/acusticafm.com.br\/variedades\/wp-json\/wp\/v2\/posts\/3201\/revisions"}],"predecessor-version":[{"id":3204,"href":"https:\/\/acusticafm.com.br\/variedades\/wp-json\/wp\/v2\/posts\/3201\/revisions\/3204"}],"wp:featuredmedia":[{"embeddable":true,"href":"https:\/\/acusticafm.com.br\/variedades\/wp-json\/wp\/v2\/media\/3202"}],"wp:attachment":[{"href":"https:\/\/acusticafm.com.br\/variedades\/wp-json\/wp\/v2\/media?parent=3201"}],"wp:term":[{"taxonomy":"category","embeddable":true,"href":"https:\/\/acusticafm.com.br\/variedades\/wp-json\/wp\/v2\/categories?post=3201"},{"taxonomy":"post_tag","embeddable":true,"href":"https:\/\/acusticafm.com.br\/variedades\/wp-json\/wp\/v2\/tags?post=3201"}],"curies":[{"name":"wp","href":"https:\/\/api.w.org\/{rel}","templated":true}]}}